{"id":755,"date":"2018-05-13T22:51:46","date_gmt":"2018-05-13T20:51:46","guid":{"rendered":"http:\/\/www.wanderhunger.at\/?p=755"},"modified":"2025-08-20T13:27:51","modified_gmt":"2025-08-20T11:27:51","slug":"tipps-fuer-ein-wochenende-in-strassburg","status":"publish","type":"post","link":"https:\/\/www.wanderhunger.at\/de\/reisen\/tipps-fuer-ein-wochenende-in-strassburg\/","title":{"rendered":"8 Tipps f\u00fcr ein verl\u00e4ngertes Wochenende in Stra\u00dfburg"},"content":{"rendered":"\n<p>Ich bin eine bekennende Frankreich-Liebhaberin. Ich liebe das Land, die Menschen, die Sprache, den Stil und das Essen. Dank meiner (inzwischen deutlich erschlafften) Franz\u00f6sisch-Kenntnisse bin ich zum Gl\u00fcck auch nie in den zweifelhaften Genuss der ber\u00fchmten franz\u00f6sischen Arroganz gekommen.<br>Dass meine Freundin Steph und ich Stra\u00dfburg f\u00fcr unser M\u00e4dels-Wochenende ausgew\u00e4hlt haben, war allerdings eher ein reiner Zufall. Finger blind auf die Landkarte sozusagen. Noch dazu mag Steph Frankreich eigentlich nicht besonders. Zum Gl\u00fcck hat sie sich aber rasch \u00fcberzeugen lassen (von Erstidee zur Buchung weniger als 30 Minuten &#8211; so lobe ich mir das).<\/p>\n\n\n\n<p>Ab also nach Stra\u00dfburg, einer Stadt, der wir beide bisher keinerlei Beachtung geschenkt haben. Total unberechtigterweise, wie sich sogar im Nieselregen des ersten Nachmittags herausgestellt hat. Diese Stadt ist ein Juwel und verdient einen St\u00e4dtetrip in jeder Hinsicht! Um euch Lust drauf zu machen findet ihr hier meine besten Tipps f\u00fcr ein Wochenende in Stra\u00dfburg.<\/p>\n\n\n\n<h2 class=\"wp-block-heading\">#1: Das Stra\u00dfburger M\u00fcnster<\/h2>\n\n\n\n<p>Die Nummer 1 unter den Tipps f\u00fcr ein Wochenende in Stra\u00dfburg: Die Kathedrale Notre Dame de Strasbourg ist klar das erste Anlaufziel. Das liegt nicht nur an ihrer zentralen Lage, sondern auch an ihrem Turm, der mit einer H\u00f6he von 142 Metern von \u00fcberall zu sehen ist. Hingehen und beeindrucken lassen. Die gotische Pracht l\u00e4sst das Kinn gleich mal auf den Boden klappen.<\/p>\n\n\n\n<p>Im Inneren waren wir nur einmal kurz abends. Lange Schlangen von Menschen warten auf die Besichtigung der ber\u00fchmten Astronomischen Uhr (die wir nicht gesehen haben) und auf die Besteigung des unvollendeten S\u00fcdturms. Deshalb solltet ihr diese Attraktionen entweder fr\u00fch am Morgen oder am sp\u00e4teren Nachmittag einplanen, wenn die Wartezeit nur kurz ist oder es gar keine Schlange mehr gibt. Auf den Turm auf jeden Fall steigen, die Aussicht \u00fcber die Stadt ist grandios. Nicht schwindelfreie Menschen (wie ich) seien gewarnt: Die Mauern um die Wendeltreppe \u00f6ffnen sich in jeder Runde sehr luftig. Mit Dori`s Motto(aus dem Film Findet Nemo) \u201cEinfach schwimmen, einfach schwimmen\u201d bin ich gut rauf und wieder runtergekommen. Das Adrenalin musste ich danach aber dennoch in einem Aperol Spritz ertr\u00e4nken.<\/p>\n\n\n\n<p>Wir hatten das gro\u00dfe Gl\u00fcck, zuf\u00e4llig zur Zeit der stadtweiten Ausstellung <a href=\"http:\/\/www.industriemagnifique.com\/\" target=\"_blank\" rel=\"noreferrer noopener\"><span style=\"text-decoration: underline;\">L\u2019Industrie Magnifique<\/span><\/a> in Stra\u00dfburg zu sein. In deren Rahmen waren \u00fcber die ganze Stadt verteilt Kunstwerke zu sehen. Am beeindruckendsten? \u201cMammuthus Volantes\u201d auf der S\u00fcdseite der Kathedrale. <a href=\"https:\/\/www.youtube.com\/watch?v=5003_sufNJY&amp;t=1s\" target=\"_blank\" rel=\"noreferrer noopener nofollow\">Seht euch mal das Video davon an<\/a>!<\/p>\n\n\n\n<figure class=\"wp-block-image\"><img decoding=\"async\" src=\"http:\/\/www.wanderhunger.at\/wp-content\/uploads\/2018\/05\/IMG_20180511_064509-01.jpeg\" alt=\"Nordturm der Kathedrale Notre Dame de Strasbourg, M\u00fcnster, Strassburg, Wanderhunger\" class=\"wp-image-760\"\/><\/figure>\n\n\n\n<h2 class=\"wp-block-heading\">#2: La Petite France<\/h2>\n\n\n\n<p>Dieses Viertel ist das Schmuckst\u00fcck von Stra\u00dfburg und ber\u00fchmt dank der wundersch\u00f6nen Fachwerkh\u00e4user. Ab dem Mittelalter lebten und arbeiteten hier die Gerber, und noch bis in die 50er Jahre war es das \u201cScherbenviertel\u201d der Stadt. Nun ist es die Hauptattraktion und wirklich wert, dass man sich Zeit nimmt und durch die Gassen streift. Unz\u00e4hlige Bars, Caf\u00e9s, Restaurants und Gesch\u00e4fte warten darauf, entdeckt zu werden.<\/p>\n\n\n\n<figure class=\"wp-block-image\"><img decoding=\"async\" src=\"http:\/\/www.wanderhunger.at\/wp-content\/uploads\/2018\/05\/IMG_20180510_174810-01.jpeg\" alt=\"Fachwerkh\u00e4user am Kanal der Ill in Strassburg, La Petite France, Wanderhunger\" class=\"wp-image-762\"\/><\/figure>\n\n\n\n<h2 class=\"wp-block-heading\">#3: Barrage Vauban<\/h2>\n\n\n\n<p>Das Barrage Vauban wurde als Wehr angelegt und sollte die Stadt sch\u00fctzen. Es war sogar m\u00f6glich, den Fluss abzusperren und so die Stadt im Notfall zu sichern. Es mag optisch nicht v\u00f6llig von den Socken rei\u00dfen, die Aussicht von der Terrasse auf dem Dach jedoch ist einfach fantastisch. Richtung La Petite France hat man den perfekten Blick auf die Ponts Couverts und die Kan\u00e4le der Ill. Mein Rat: Abends kommen, und das sch\u00f6ne warme Licht f\u00fcr perfekte Fotos n\u00fctzen.<\/p>\n\n\n\n<figure class=\"wp-block-image\"><img decoding=\"async\" src=\"http:\/\/www.wanderhunger.at\/wp-content\/uploads\/2018\/05\/IMG_20180511_061550-01.jpeg\" alt=\"Die Barrage Vauban im Abendlicht im Strassburg, Wanderhunger, Tipps f\u00fcr ein Wochenende in Stra\u00dfburg\" class=\"wp-image-768\"\/><\/figure>\n\n\n\n<figure class=\"wp-block-image alignnone wp-image-763 size-full\"><img decoding=\"async\" src=\"http:\/\/www.wanderhunger.at\/wp-content\/uploads\/2018\/05\/IMG_20180511_181404-01.jpeg\" alt=\"Blick auf die Ponts Couverts von der Barrage Vauban, Strassburg, Wanderhunger\" class=\"wp-image-763\"\/><figcaption class=\"wp-element-caption\"><em>Blick auf die Ponts Couverts<\/em><\/figcaption><\/figure>\n\n\n\n<h2 class=\"wp-block-heading\">#4: Entdeckt die sch\u00f6nen Pl\u00e4tze der Stadt<\/h2>\n\n\n\n<p>Stra\u00dfburg bietet ganz viele tolle kleine und gr\u00f6\u00dfere Pl\u00e4tze, die mit Caf\u00e9s, Restaurants und Sitzgelegenheiten aufwarten. Wenn man sich treiben l\u00e4sst und manchmal auch von den ausgetretenen Pfaden abweicht, wird man einen nach dem anderen entdecken. Meine Favoriten? Der Place du March\u00e9 Gayot mit seinen chilligen Bars und der Place St. \u00c9tienne, der unter der Woche mit fr\u00f6hlichem Studentenfeeling aufwartet.<\/p>\n\n\n\n<figure class=\"wp-block-image\"><img decoding=\"async\" src=\"http:\/\/www.wanderhunger.at\/wp-content\/uploads\/2018\/05\/IMG_20180511_163322-01.jpeg\" alt=\"Sch\u00f6ner Platz in Strassburg mit Kunstwerk von L'Industrie Magnifique, Wanderhunger\" class=\"wp-image-764\"\/><\/figure>\n\n\n\n<h2 class=\"wp-block-heading\">#5: Essen, essen, essen!<\/h2>\n\n\n\n<p>Nicht umsonst bezieht sich der Spruch \u201cLeben wie Gott in Frankreich\u201d auf das Essen. Zugegeben, wer kein Vegetarier und auch Spezialit\u00e4ten nicht abgeneigt ist, tut sich hier leichter. Meine Freundin Steph allerdings hat das Wochenende auch als Vegetarierin ausgezeichnet \u00fcberstanden.<\/p>\n\n\n\n<p>Stra\u00dfburg liebt deftiges Essen. Das ber\u00fchmte Choucroute ist bergeweise Fleisch und Sauerkraut. Auch nicht ganz mein Geschmack, wie ich zugeben muss. Die regionstypischen Flammkuchen allerdings k\u00f6nnte ich mir zu allen Hauptmahlzeiten geben, und zum Gl\u00fcck gibt es sie an jedem Eck. Ebenfalls eine typische Spezialit\u00e4t ist Stopfleber. So ethisch furchtbar diese Speise auch ist, ich gebe blutschwitzend zu: ICH LIEBE SIE! Zumindest einmal musste ich sie dort bestellen, und ich habe jedes Kr\u00fcmelchen genossen. Ja, es tut mir leid. ABER ES IST SO GUT!<br>Weinbergschnecken dagegen bereiten den meisten Menschen weniger ethische als eher ekelerregend Probleme. Ich finde sie \u00fcbrigens grandios. \ud83d\ude01<\/p>\n\n\n\n<p>Zum Gl\u00fcck sind Geschm\u00e4cker verschieden, und Stra\u00dfburg ist essenstechnisch eine sehr offene Stadt. Sushi, vegane Burger, Inder, Vietnamesen &#8211; wer keine Lust auf franz\u00f6sisches Essen hat, hat hier trotzdem die Qual der Wahl!<\/p>\n\n\n\n<figure class=\"wp-block-image\"><img decoding=\"async\" src=\"http:\/\/www.wanderhunger.at\/wp-content\/uploads\/2018\/05\/IMG_20180512_121040-01.jpeg\" alt=\"Flammkuchen essen in Strassburg, Wanderhunger\" class=\"wp-image-765\"\/><\/figure>\n\n\n\n<h2 class=\"wp-block-heading\">#6: Schokoladetiger aufgepasst<\/h2>\n\n\n\n<p>S\u00fcchtig nach Schokolade? Dann seid ihr in Stra\u00dfburg richtig. In der Stadt gibt es einige ber\u00fchmte Chocolatiers, deren Gesch\u00e4fte und Caf\u00e9s der feuchte Traum aller Chocoholics sind. So kann man bei <a href=\"https:\/\/christian.fr\/\" target=\"_blank\" rel=\"noreferrer noopener\"><span style=\"text-decoration: underline;\">Christian<\/span><\/a> nicht nur wunderbare und sch\u00f6ne T\u00f6rtchen genie\u00dfen, sondern auch ein richtig gutes Eis. Der Schokoladebrunnen von<span style=\"text-decoration: underline;\"><a href=\"http:\/\/www.planet-chocolate.com\/\" target=\"_blank\" rel=\"noreferrer noopener\"> Jacques Bockel<\/a><\/span> und seine gro\u00dfe Auswahl feinster Schokot\u00e4felchen sprengt endg\u00fcltig das Kalorienkonto. Der s\u00fcndige Genuss ist definitiv ein Highlight eines Wochenendes in Stra\u00dfburg!<\/p>\n\n\n\n<figure class=\"wp-block-image\"><img decoding=\"async\" src=\"http:\/\/www.wanderhunger.at\/wp-content\/uploads\/2018\/05\/IMG_20180511_140926-01.jpeg\" alt=\"Auslage von Chocolatier Christian in Strassburg, Patisserie, Wanderhunger\" class=\"wp-image-766\"\/><\/figure>\n\n\n\n<h2 class=\"wp-block-heading\">#7: Abendstimmung und Morgenr\u00f6te<\/h2>\n\n\n\n<p>Ist noch jemand ein erkl\u00e4rter Feind von Mittags-Sonnenlicht? Nein, keine Sorge, Sonnenstrahlen genie\u00dfen und einen Drink schl\u00fcrfen, da bin ich dabei. Aber zum Fotografieren ist das harte Sonnenlicht einfach gar keine gute Idee. Umso sch\u00f6ner, wenn sich der Tag langsam dem Ende zuneigt und das warme Abendlicht alles in eine herrliche Stimmung taucht.<br>Stra\u00dfburg spielt lichttechnisch wirklich alle St\u00fcckchen. Wenn die ber\u00fchmte L&#8217;Heure Bleue nach dem Sonnenuntergang beginnt, dann ist der Anblick der Fachwerkh\u00e4user und der Kan\u00e4le reine Magie.<\/p>\n\n\n\n<p>Weniger beliebt aber mindestens genauso sch\u00f6n ist das Licht des Sonnenaufgangs. Ich schaffe es in meinen Urlauben immer \u00f6fter, mich vor dem Sonnenaufgang aufzuraffen und diese fantastische Stimmung f\u00fcr sch\u00f6ne Fotos auszun\u00fctzen. Danach empfehle ich aber noch ein Nickerchen, sonst wird es schwierig einen Tag voller Sightseeing anst\u00e4ndig zu \u00fcberleben.<br>Noch ein klarer Vorteil der Fr\u00fchaufsteher: Zu dieser Zeit sind noch keine Menschen unterwegs, und die sonst so \u00fcberlaufenen Sehensw\u00fcrdigkeiten geh\u00f6ren alleine mir!<\/p>\n\n\n\n<figure class=\"wp-block-image alignnone wp-image-767 size-full\"><img decoding=\"async\" src=\"http:\/\/www.wanderhunger.at\/wp-content\/uploads\/2018\/05\/IMG_20180510_211543-01.jpeg\" alt=\"Fachwerkh\u00e4user entlang der Ill in Strassburg im Sonnenuntergang, Wanderhunger\" class=\"wp-image-767\"\/><figcaption class=\"wp-element-caption\"><em>Fachwerkh\u00e4user an der Ill w\u00e4hrend der L&#8217;Heure Bleue<\/em><\/figcaption><\/figure>\n\n\n\n<figure class=\"wp-block-image alignnone wp-image-769 size-full\"><img decoding=\"async\" src=\"http:\/\/www.wanderhunger.at\/wp-content\/uploads\/2018\/05\/IMG_20180511_062351-01.jpeg\" alt=\"La Petite France im Sonnenaufgang, Strassburg, Wanderhunger\" class=\"wp-image-769\"\/><figcaption class=\"wp-element-caption\"><em>La Petite France im Morgenlicht<\/em><\/figcaption><\/figure>\n\n\n\n<h2 class=\"wp-block-heading\">#8: Eine Bootsfahrt, die ist lustig<\/h2>\n\n\n\n<p>Eines f\u00e4llt einem in Stra\u00dfburg schnell auf: die vielen, flachen Ausflugsboote, die auf der Ill verkehren. \u00dcberall werden die Bootstrips von <a href=\"https:\/\/www.batorama.com\/\" target=\"_blank\" rel=\"noreferrer noopener nofollow\"><span style=\"text-decoration: underline;\">Batorama<\/span> <\/a>angepriesen. Aber zahlt sich die Tour wirklich aus?<\/p>\n\n\n\n<p>Gleich mal f\u00e4llt uns auf: Steph und ich rei\u00dfen mit unseren Mitte 30 den Altersdurchschnitt weit nach unten. Wir reihen uns hinter mindestens zwei Reisebus-Menschenmengen an Pensionisten ein, um auf unser Boot zu kommen. Als es losgeht stellen wir fest: Das wird eine gem\u00fctliche Partie. Das Boot gurkt langsamer als mit Schrittgeschwindigkeit durch die Ill.<br>Wir haben die gro\u00dfe Tour gebucht, also einmal rund um die Altstadt und raus zum Europaviertel. Per Kopfh\u00f6rer erfahren wir nicht nur alles \u00fcber die vorbeiziehenden Sehensw\u00fcrdigkeiten, sondern auch allerhand Geschichtliches. Die Hintergrundmusik ist angenehm, aber w\u00e4hrend der 1:10-st\u00fcndigen Fahrt einschl\u00e4fernd. Besonders die Fahrt zum Europaviertel zieht sich schon ganz sch\u00f6n dahin. Vorteil: Wir sehen das Europaparlament, das wir sonst ausgelassen h\u00e4tten. Nachteil: Nach dem Ausflug brauchen wir zwei doppelte Espresso, um wieder wach zu werden (vielleicht war auch ein Aperol Spritz dabei).<\/p>\n\n\n\n<p>Meine Empfehlung: Die Tour ist eine nette Sache, ersetzt aber nicht den fu\u00dfl\u00e4ufigen Stadtrundgang. Durch La Petite France zu fahren ist ein Highlight, der Rest eher okay. 9 Euro f\u00fcr die kleine Tour ohne das Europaviertel zahlen sich aber auf jeden Fall aus.<\/p>\n\n\n\n<figure class=\"wp-block-image\"><img decoding=\"async\" src=\"http:\/\/www.wanderhunger.at\/wp-content\/uploads\/2018\/05\/IMG_20180512_100300-01.jpeg\" alt=\"Bootsfahrt auf der Ill durch Strassburg mit Batorama, Wanderhunger\" class=\"wp-image-770\"\/><\/figure>\n\n\n\n<p>&nbsp;<\/p>\n\n\n\n<p>Abschlie\u00dfend m\u00f6chte ich sagen: Stra\u00dfburg ist eine geniale Stadt, die jedem etwas bietet. Ich hoffe, meine Tipps f\u00fcr ein Wochenende dort haben euch reiselustig gemacht! Ob Familien, P\u00e4rchen oder Freunde, da ist immer was dabei. Party machen? Check! Gut essen? Check! Shopping ohne Ende? Check! Einfach cool.<\/p>\n\n\n\n<p> <\/p>\n\n\n\n<p>&nbsp;<\/p>\n\n\n\n<p>&nbsp;<\/p>\n\n\n\n<p>&nbsp;<\/p>\n","protected":false},"excerpt":{"rendered":"<p>Von Kathedrale bis Schokolade: Stra\u00dfburg hat mich begeistert, und diese Tipps machen Lust, die Stadt selbst zu entdecken.<\/p>\n","protected":false},"author":3,"featured_media":759,"comment_status":"open","ping_status":"closed","sticky":false,"template":"","format":"standard","meta":{"wprm-recipe-roundup-name":"","wprm-recipe-roundup-description":"","iawp_total_views":24,"footnotes":""},"categories":[45],"tags":[179,84,195,29,54,39],"class_list":["post-755","post","type-post","status-publish","format-standard","has-post-thumbnail","hentry","category-reisen","tag-europa","tag-frankreich","tag-reisebericht","tag-sightseeing","tag-staedtetrip","tag-wochenendtrip"],"_links":{"self":[{"href":"https:\/\/www.wanderhunger.at\/de\/wp-json\/wp\/v2\/posts\/755","targetHints":{"allow":["GET"]}}],"collection":[{"href":"https:\/\/www.wanderhunger.at\/de\/wp-json\/wp\/v2\/posts"}],"about":[{"href":"https:\/\/www.wanderhunger.at\/de\/wp-json\/wp\/v2\/types\/post"}],"author":[{"embeddable":true,"href":"https:\/\/www.wanderhunger.at\/de\/wp-json\/wp\/v2\/users\/3"}],"replies":[{"embeddable":true,"href":"https:\/\/www.wanderhunger.at\/de\/wp-json\/wp\/v2\/comments?post=755"}],"version-history":[{"count":11,"href":"https:\/\/www.wanderhunger.at\/de\/wp-json\/wp\/v2\/posts\/755\/revisions"}],"predecessor-version":[{"id":2937,"href":"https:\/\/www.wanderhunger.at\/de\/wp-json\/wp\/v2\/posts\/755\/revisions\/2937"}],"wp:featuredmedia":[{"embeddable":true,"href":"https:\/\/www.wanderhunger.at\/de\/wp-json\/wp\/v2\/media\/759"}],"wp:attachment":[{"href":"https:\/\/www.wanderhunger.at\/de\/wp-json\/wp\/v2\/media?parent=755"}],"wp:term":[{"taxonomy":"category","embeddable":true,"href":"https:\/\/www.wanderhunger.at\/de\/wp-json\/wp\/v2\/categories?post=755"},{"taxonomy":"post_tag","embeddable":true,"href":"https:\/\/www.wanderhunger.at\/de\/wp-json\/wp\/v2\/tags?post=755"}],"curies":[{"name":"wp","href":"https:\/\/api.w.org\/{rel}","templated":true}]}}