{"id":1935,"date":"2018-11-05T07:00:35","date_gmt":"2018-11-05T06:00:35","guid":{"rendered":"http:\/\/www.wanderhunger.at\/?p=1935"},"modified":"2025-08-20T11:16:08","modified_gmt":"2025-08-20T09:16:08","slug":"kreuzfahrtschiffe-venedig","status":"publish","type":"post","link":"https:\/\/www.wanderhunger.at\/de\/reisen\/kreuzfahrtschiffe-venedig\/","title":{"rendered":"No Grandi Navi! Kreuzfahrtschiffe vs. Venedig"},"content":{"rendered":"\n<p>Der Overtourism &#8211; also zu viel Tourismus konzentriert auf einem einzigen Fleck &#8211; ist in aller Munde. Seit 2017 kommen in den Medien immer wieder Berichte heraus, die \u00fcber die durch Massentourismus entstehenden Probleme berichten. Vor allem in Barcelona und Venedig protestieren die Einwohner immer vehementer gegen den Ausverkauf ihrer Stadt und den Verlust ihrer Heimat.<\/p>\n\n\n\n<p>Ein in diesem Zusammenhang gro\u00dfes Problem sind Kreuzfahrtschiffe. Seit vielen Jahren fahren die Meeresgiganten in die kleine Lagunenstadt \u00fcber den Giudecca-Kanal ein und \u00fcberschwemmen die Stadt mit Tagestouristen.<\/p>\n\n\n\n<p>Warum ich nun \u00fcber Venedig und die Kreuzfahrtschiffe schreibe, verdanke ich eigentlich meinem Bruder. Wir waren Ende Oktober f\u00fcr ein wunderbares Familienwochenende in der Lagunenstadt. Und bei unserem Versuch, am zweiten Urlaubstag den Sonnenaufgang in Dorsoduro einzufangen, haben wir ein Kreuzfahrtschiff gesehen, dass sich beh\u00e4big am Markusplatz vorbei in den Giudecca-Kanal ziehen hat lassen.<\/p>\n\n\n\n<p>Ich verabscheue Kreuzfahrtschiffe. Ich verabscheue sie aus dem Grunde meines Herzens, obwohl ich noch nie auf einem war. Ich verstehe nicht, warum Menschen so viel Geld daf\u00fcr bezahlen, sich in einem fahrenden Disneyland-Gef\u00e4ngnis einsperren und mit Abgasen vollblasen zu lassen. Und noch weniger verstehe ich, warum es erlaubt ist, dass diese Meeresungeheuer einer kleinen, fragilen Stadt wie Venedig so nahe kommen d\u00fcrfen &#8211; Schiffe, die die zum Teil h\u00f6her sind als der h\u00f6chste Campanile der Stadt.<\/p>\n\n\n\n<p>Und diese Meinung habe ich aus tiefster Seele kundgetan.<br>Und mein Bruder dazu: \u201cDie Venezianer sind selbst schuld &#8211; sie haben diese Schiffe zugelassen, und jetzt beschweren sie sich.\u201d<\/p>\n\n\n\n<p>Tja, als jemand, der wirklich nicht gern von seiner Meinung abl\u00e4sst, war ich ganz sch\u00f6n schockiert, darf ich sagen. Allerdings habe ich auch rasch festgestellt, dass meine Argumentation auf schwachen F\u00fc\u00dfen steht, weil ich einfach keine fundierte Ahnung habe. Also bin ich in Recherche abgetaucht und m\u00f6chte euch hier zusammentragen, welche Probleme Venedig aus den Kreuzfahrtschiffen entstehen, und wie es damit weitergeht.&nbsp;<\/p>\n\n\n\n<figure class=\"wp-block-image\"><img loading=\"lazy\" decoding=\"async\" width=\"750\" height=\"563\" src=\"http:\/\/www.wanderhunger.at\/wp-content\/uploads\/2018\/10\/IMG_20181027_172817-01-Kopie-2.jpg\" alt=\"\" class=\"wp-image-1938\" srcset=\"https:\/\/www.wanderhunger.at\/wp-content\/uploads\/2018\/10\/IMG_20181027_172817-01-Kopie-2.jpg 750w, https:\/\/www.wanderhunger.at\/wp-content\/uploads\/2018\/10\/IMG_20181027_172817-01-Kopie-2-300x225.jpg 300w\" sizes=\"auto, (max-width: 750px) 100vw, 750px\" \/><\/figure>\n\n\n\n<h3 class=\"wp-block-heading\">Problem Nummer 1: Auswirkungen auf die empfindlichen Fundamente<\/h3>\n\n\n\n<p>Venedig sinkt ab. Das hat einerseits nat\u00fcrliche Gr\u00fcnde, andererseits tragen aber die starken, durch die schweren Schiffe verursachten Wellen einen gro\u00dfen Teil dazu bei. Forscher Luigi Tosi, Geologe am Forschungsinstitut ISMAR-CNR in Venedig, konnte beobachten, dass die <strong>gr\u00f6\u00dften Sch\u00e4den dort entstehen, in denen der st\u00e4rkste Schiffsverkehr herrscht<\/strong>.<\/p>\n\n\n\n<p>Davon sind Motorboote nat\u00fcrlich nicht ausgenommen, man kann sich jedoch vorstellen, dass sich die Wellen eines Vaporettos gegen die Wellen eines Kreuzfahrtriesen ausnehmen wie Spielzeug.<\/p>\n\n\n\n<h3 class=\"wp-block-heading\">Problem Nummer 2: Auswirkungen auf die gesamte Lagune<\/h3>\n\n\n\n<p>Auch hier spielen die starken Wellen eine problematische Rolle. In den letzten Jahrzehnten hat sich die Lagune um mehr als einen Meter vertieft. Das hat <strong>massive Auswirkungen auf die Dynamik des Wassers<\/strong> und gef\u00e4hrdet so nicht nur die Stadt, sondern auch die gesamte Biodiversit\u00e4t.<\/p>\n\n\n\n<h3 class=\"wp-block-heading\">Problem Nummer 3: Luftverschmutzung<\/h3>\n\n\n\n<p>\u201cWie kann man sich auf einem Schiff einsperren lassen, dass die Luft so derartig verschmutzt?\u201d frage ich mich.<\/p>\n\n\n\n<p>\u201cWarum lassen wir Schiffe in unsere Stadt einfahren, die unsere Luft verpesten?\u201d fragen sich die Venezianer.<\/p>\n\n\n\n<p>Es gibt viele Zahlen, die Kreuzfahrtschiffe mit PKWs vergleichen und grauenhafte Werte ausspucken. Das Ganze ist aber schwierig zu vergleichen. Denn \u201cpro Tag\u201d legt ein Kreuzfahrtschiff viele hundert Kilometer zur\u00fcck, ein durchschnittlicher deutscher PKW aber nur 36. Und w\u00e4hrend der PKW durchschnittlich eine bis zwei Personen transportiert, sind es auf dem Kreuzfahrtschiff mehrere tausend.<\/p>\n\n\n\n<p>Fakt ist dennoch &#8211; <strong>Kreuzfahrtschiffe sind furchtbare Luftverpester<\/strong> von Feinstaub \u00fcber gesundheitssch\u00e4dliche bis hin zu klimawirksamen Gasen. 2016 legten 529 Kreuzfahrtschiffe im Hafen von Venedig an. Man kann sich vorstellen, dass das lufttechnisch nicht ohne Folgen bleibt.<\/p>\n\n\n\n<h3 class=\"wp-block-heading\">Problem Nummer 4: Kreuzfahrttouristen bringen kaum Geld<\/h3>\n\n\n\n<p>Wenn 529 Kreuzfahrtschiffe 2016 1,6 Millionen Touristen nach Venedig gebracht haben, so klingt das nach hohen Ums\u00e4tzen f\u00fcr die Lagunenstadt. Leider ist das nicht der Fall. Denn <strong>Kreuzfahrttouristen n\u00e4chtigen nicht und speisen kaum<\/strong> in der Stadt.<\/p>\n\n\n\n<p>Die Kreuzfahrtreedereien sehen das naturgem\u00e4\u00df anders. Nat\u00fcrlich ist kaum zu erheben, wieviel Geld ein Kreuzfahrttourist tats\u00e4chlich ausgibt, dass es deutlich weniger ist, als ein N\u00e4chtigungsgast, ist aber klar.<\/p>\n\n\n\n<h3 class=\"wp-block-heading\">Problem Nummer 5: Die Kreuzfahrtschiffe bringen weniger als sie kosten<\/h3>\n\n\n\n<p>Die vielen Millionen Euro, die die Kreuzfahrtschiffe nach Venedig bringen, \u00fcbersteigen die Erhaltungskosten, meinen die Reedereien und die Politiker.<\/p>\n\n\n\n<p><strong>Unz\u00e4hlige Unwelt- und Substanzsch\u00e4den sind nicht ann\u00e4hernd absch\u00e4tzbar<\/strong>, meinen Forscher und Umweltaktivisten.<br>Au\u00dferdem: Die Venezianer, \u00fcbersp\u00fclt von Tagestouristen, haben von dem Geld, das die Reedereien bezahlen, gar nichts.&nbsp;<\/p>\n\n\n\n<h3 class=\"wp-block-heading\">Was ist bisher passiert?<\/h3>\n\n\n\n<p><strong>2012<\/strong> wurde beschlossen, dass Kreuzfahrtschiffe \u00fcber 40.000 Tonnen nicht mehr in die Lagune einfahren d\u00fcrfen, sobald ein alternativer Kanal gebaut wurde. Dieser Beschluss wurde wieder aufgehoben, da er \u201cwirtschaftliche Interessen bedrohe\u201d, zudem wurde die alternative Route nicht gefunden.<\/p>\n\n\n\n<p><strong>2015<\/strong> wurde Schiffen \u00fcber 96.000 Tonnen die Einfahrt in die Lagune untersagt.<\/p>\n\n\n\n<p><strong>2016<\/strong> drohte die Unesco damit, Venedig den Titel \u201cWeltkulturerbe\u201d abzuerkennen bzw. Venedig auf die Liste der gef\u00e4hrdeten Kulturg\u00fcter zu setzen, wenn keine Ma\u00dfnahmen gegen den Overtourism getroffen werden. Dies wurde jedoch 2017 wieder abgeblasen.<\/p>\n\n\n\n<p>Im Jahr <strong>2017<\/strong> fand ein Referendum, ausgerufen von der Initiative No Grandi Navi, statt, bei dem beinahe 20.000 Menschen \u00fcber die Kreuzfahrtschiffe abstimmten. \u00dcber 98 % stimmten f\u00fcr ein Einfahrtsverbot der riesigen Schiffe in die Lagunenstadt.<br>Die Politiker sahen die Abstimmung als nicht bindend an, da nicht nur Venezianer, sondern auch Bewohner aus dem Umland ihre Stimme abgegeben hatten.<\/p>\n\n\n\n<h3 class=\"wp-block-heading\">Wie geht es weiter?<\/h3>\n\n\n\n<p><strong>Ende 2017 wurde eine neue Regelung verabschiedet.<\/strong> Ab 2020 sollen Schiffe \u00fcber 55.000 Tonnen nicht mehr in die Lagunenstadt einfahren d\u00fcrfen, sondern m\u00fcssen in Marghera, einem Industriehafen, anlegen. Daf\u00fcr wird ein eigener Anleger gebaut, der allerdings 2020 noch nicht fertiggestellt sein wird, d.h. es wird wohl eher St\u00fcck f\u00fcr St\u00fcck gehen als \u201calle ab 2020\u201d. &nbsp;F\u00fcr die kleineren Schiffe wird ein bestehender Kanal umgebaut (um mehrere Meter vertieft).<\/p>\n\n\n\n<p>Gegen diese Pl\u00e4ne protestieren die Umweltsch\u00fctzer von \u201cNo Grandi Navi\u201d weiterhin, denn: Diese sehen vor, dass nach Marghera auch Schiffe mit mehr als 96.000 Tonnen durch die Lagune fahren d\u00fcrfen, die eigentlich aus der Lagune verbannt sind. Und gerade sie verursachen am Meeresboden die gr\u00f6\u00dften Sch\u00e4den.<\/p>\n\n\n\n<figure class=\"wp-block-image\"><img loading=\"lazy\" decoding=\"async\" width=\"750\" height=\"563\" src=\"http:\/\/www.wanderhunger.at\/wp-content\/uploads\/2018\/10\/IMG_20181026_074215-01-Kopie.jpg\" alt=\"\" class=\"wp-image-1937\" srcset=\"https:\/\/www.wanderhunger.at\/wp-content\/uploads\/2018\/10\/IMG_20181026_074215-01-Kopie.jpg 750w, https:\/\/www.wanderhunger.at\/wp-content\/uploads\/2018\/10\/IMG_20181026_074215-01-Kopie-300x225.jpg 300w\" sizes=\"auto, (max-width: 750px) 100vw, 750px\" \/><\/figure>\n\n\n\n<h3 class=\"wp-block-heading\">Update 2025<\/h3>\n\n\n\n<p>Einige Jahre sp\u00e4ter bin ich am \u00dcberarbeiten dieses Blogposts und m\u00f6chte euch ein Update geben, wie es weitergegangen ist.<\/p>\n\n\n\n<p>Seit <strong>1. August 2021<\/strong> gilt ein von der italienischen Regierung beschlossenes Verbot, das es Kreuzfahrtschiffen mit mehr als <strong>25\u202f000 BRZ<\/strong>, einer L\u00e4nge \u00fcber <strong>180\u202fm<\/strong> oder einer H\u00f6he \u00fcber <strong>35\u202fm<\/strong> untersagt, durch das historische Zentrum der Lagune zu fahren, insbesondere durch den Canale della Giudecca, das Bacino di San Marco und den Canale di San Marco.<\/p>\n\n\n\n<p>In Marghera gibt es aktuell immer noch kein fertiges Terminal f\u00fcr die Kreuzfahrtschiffe, sondern nur tempor\u00e4re.<\/p>\n\n\n\n<ul class=\"wp-block-list\">\n<li>Im April 2025 wurden etwa <strong>10 Hektar Land <\/strong>entlang des Nordkanals von der Hafenbeh\u00f6rde angekauft, um darauf das dauerhafte Kreuzfahrt-Terminal zu errichten. Gleichzeitig begann der Ausbau der Stromversorgung, die es den Schiffen erlaubt, w\u00e4hrend des Liegevorgangs ihre Motoren abzustellen und sich an das Landstromnetz anzuschlie\u00dfen (zur Umweltentlastung)<\/li>\n\n\n\n<li>Parallel dazu wird im Porto\u2011Marghera\u2011Gebiet die Verkehrsinfrastruktur ausgebaut. Laut Stand Juli\u202f2025 sind die Stra\u00dfen- und Schienenanbindungen bereits zu etwa 60\u202f% fertiggestellt, das Projekt soll Ende 2025 fertiggestellt und Anfang 2026 fertig getestet sein.<\/li>\n<\/ul>\n\n\n\n<p>&nbsp;<\/p>\n\n\n\n<h3 class=\"wp-block-heading\">Die aktuellen Forderungen von No Grandi Navi f\u00fcr Venedig:<\/h3>\n\n\n\n<p>(Auszug)<\/p>\n\n\n\n<ul class=\"wp-block-list\">\n<li>das sofortige Verbot von Kreuzfahrtschiffen mit mehr als 40.000 Tonnen in der gesamten Lagune<\/li>\n\n\n\n<li>Durchf\u00fchrung von seri\u00f6sen, unabh\u00e4ngigen Studien zur Kompatibilit\u00e4tsschwelle von Kreuzfahrtschiffen mit der Lagune<\/li>\n\n\n\n<li>die Installation eines Netzwerks von Ger\u00e4ten zur st\u00e4ndigen \u00dcberwachung der Luftqualit\u00e4t in Venedig und auf den umliegenden Inseln<\/li>\n\n\n\n<li>die bindende Verpflichtung aller Schiffe, in der Lagune ausschlie\u00dflich Kraftstoffe mit weniger als 0,1 % Schwefelgehalt und die neuesten Technologien zur Vermeidung von Emissionen einzusetzen, sowie Verwendung von Radarger\u00e4ten ausschlie\u00dflich bei Nebel<\/li>\n<\/ul>\n\n\n\n<p><strong>Klingt f\u00fcr mich pers\u00f6nlich nicht unvern\u00fcnftig, was meint ihr?<\/strong><\/p>\n\n\n\n<p>&nbsp;<\/p>\n\n\n\n<p>Ich habe versucht, mich durch die vielen Berichte so gut wie m\u00f6glich durchzulesen und entschuldige mich, falls ich etwas falsch dargestellt haben sollte \ud83d\ude42&nbsp;<\/p>\n\n\n\n<p>Quellen:<\/p>\n\n\n\n<p>http:\/\/www.nograndinavi.it<\/p>\n\n\n\n<p>http:\/\/www.spiegel.de\/wissenschaft\/natur\/kreuzfahrtschiffe-in-venedig-wellen-flut-abgase-und-absacken-a-933327.html<\/p>\n\n\n\n<p><a href=\"https:\/\/www.augsburger-allgemeine.de\/panorama\/Wie-Venedig-gegen-Ozean-Riesen-kaempft-id39327557.html\">https:\/\/www.augsburger-allgemeine.de\/panorama\/Wie-Venedig-gegen-Ozean-Riesen-kaempft-id39327557.html<\/a><\/p>\n\n\n\n<p><a href=\"https:\/\/www.zeit.de\/2017\/36\/kreuzfahrtschiffe-co2-ausstoss-dreck\">https:\/\/www.zeit.de\/2017\/36\/kreuzfahrtschiffe-co2-ausstoss-dreck<\/a><\/p>\n\n\n\n<p><a href=\"https:\/\/www.swp.de\/panorama\/venedig-sehen_-aber-mit-abstand-23441759.html\">https:\/\/www.swp.de\/panorama\/venedig-sehen_-aber-mit-abstand-23441759.html<\/a><\/p>\n\n\n\n<p><a href=\"https:\/\/kurier.at\/chronik\/weltchronik\/der-albtraum-von-venedig\/277.889.639\">https:\/\/kurier.at\/chronik\/weltchronik\/der-albtraum-von-venedig\/277.889.639<\/a><\/p>\n\n\n\n<p><a href=\"https:\/\/www.pressreader.com\/austria\/salzburger-nachrichten\/20170620\/281479276411013\">https:\/\/www.pressreader.com\/austria\/salzburger-nachrichten\/20170620\/281479276411013<\/a><\/p>\n\n\n\n<p><a href=\"https:\/\/www.nachrichten.at\/nachrichten\/weltspiegel\/Kreuzfahrtriesen-werden-aus-Venedig-verbannt;art17,2729385\">https:\/\/www.nachrichten.at\/nachrichten\/weltspiegel\/Kreuzfahrtriesen-werden-aus-Venedig-verbannt;art17,2729385<\/a><\/p>\n\n\n\n<p><a href=\"https:\/\/www.sueddeutsche.de\/reise\/verbot-fuer-kreuzfahrtschiffe-keinen-gruss-mehr-an-die-kueste-1.1298572\">https:\/\/www.sueddeutsche.de\/reise\/verbot-fuer-kreuzfahrtschiffe-keinen-gruss-mehr-an-die-kueste-1.1298572<\/a><\/p>\n\n\n\n<p><a href=\"https:\/\/www.n-tv.de\/panorama\/Venezianer-wollen-Riesenkreuzer-loswerden-article19902215.html\">https:\/\/www.n-tv.de\/panorama\/Venezianer-wollen-Riesenkreuzer-loswerden-article19902215.html<\/a><\/p>\n\n\n\n<p>http:\/\/www.spiegel.de\/reise\/europa\/venedig-weltkulturerbe-im-ausverkauf-a-1177535.html<\/p>\n\n\n\n<p><a href=\"https:\/\/www.blog-kreuzfahrt.ch\/haefen\/venedig-verbannt-grosse-kreuzfahrtschiffe-aus-dem-zentrum\/?utm_source=chatgpt.com\">Venedig verbannt grosse Kreuzfahrtschiffe aus dem Zentrum &#8211; Kreuzfahrt Blog<\/a><\/p>\n\n\n\n<p><a href=\"https:\/\/de.wikipedia.org\/wiki\/Giudecca?utm_source=chatgpt.com\">Giudecca \u2013 Wikipedia<\/a><\/p>\n\n\n\n<p><\/p>\n","protected":false},"excerpt":{"rendered":"<p>Kreuzfahrtschiffe in Venedig: von zerst\u00f6rten Fundamenten \u00fcber schlechte Luft bis zu politischen Versprechen \u2013 ein kritischer Blick.<\/p>\n","protected":false},"author":3,"featured_media":1941,"comment_status":"open","ping_status":"open","sticky":false,"template":"","format":"standard","meta":{"wprm-recipe-roundup-name":"","wprm-recipe-roundup-description":"","iawp_total_views":11,"footnotes":""},"categories":[45],"tags":[179,87,194,102],"class_list":["post-1935","post","type-post","status-publish","format-standard","has-post-thumbnail","hentry","category-reisen","tag-europa","tag-italien","tag-rund-ums-reisen","tag-umwelt-tourismus"],"_links":{"self":[{"href":"https:\/\/www.wanderhunger.at\/de\/wp-json\/wp\/v2\/posts\/1935","targetHints":{"allow":["GET"]}}],"collection":[{"href":"https:\/\/www.wanderhunger.at\/de\/wp-json\/wp\/v2\/posts"}],"about":[{"href":"https:\/\/www.wanderhunger.at\/de\/wp-json\/wp\/v2\/types\/post"}],"author":[{"embeddable":true,"href":"https:\/\/www.wanderhunger.at\/de\/wp-json\/wp\/v2\/users\/3"}],"replies":[{"embeddable":true,"href":"https:\/\/www.wanderhunger.at\/de\/wp-json\/wp\/v2\/comments?post=1935"}],"version-history":[{"count":9,"href":"https:\/\/www.wanderhunger.at\/de\/wp-json\/wp\/v2\/posts\/1935\/revisions"}],"predecessor-version":[{"id":2908,"href":"https:\/\/www.wanderhunger.at\/de\/wp-json\/wp\/v2\/posts\/1935\/revisions\/2908"}],"wp:featuredmedia":[{"embeddable":true,"href":"https:\/\/www.wanderhunger.at\/de\/wp-json\/wp\/v2\/media\/1941"}],"wp:attachment":[{"href":"https:\/\/www.wanderhunger.at\/de\/wp-json\/wp\/v2\/media?parent=1935"}],"wp:term":[{"taxonomy":"category","embeddable":true,"href":"https:\/\/www.wanderhunger.at\/de\/wp-json\/wp\/v2\/categories?post=1935"},{"taxonomy":"post_tag","embeddable":true,"href":"https:\/\/www.wanderhunger.at\/de\/wp-json\/wp\/v2\/tags?post=1935"}],"curies":[{"name":"wp","href":"https:\/\/api.w.org\/{rel}","templated":true}]}}