{"id":1548,"date":"2018-08-09T07:30:47","date_gmt":"2018-08-09T05:30:47","guid":{"rendered":"http:\/\/www.wanderhunger.at\/?p=1548"},"modified":"2025-09-02T20:31:42","modified_gmt":"2025-09-02T18:31:42","slug":"wildromantisch-schoenwetterhuette-und-gumpeneck","status":"publish","type":"post","link":"https:\/\/www.wanderhunger.at\/de\/reisen\/wildromantisch-schoenwetterhuette-und-gumpeneck\/","title":{"rendered":"Wildromantisch: Sch\u00f6nwetterh\u00fctte und Gumpeneck"},"content":{"rendered":"\n<p>Eine abgeschiedene, romantische H\u00fctte. Nicht \u00fcberlaufen von Touristen. Nur auf Schusters Rappen zu erreichen. Ausgezeichnetes Essen und reizende H\u00fcttenwirte. Wo es das noch gibt? Auf der Sch\u00f6nwetterh\u00fctte im Ennstal.<\/p>\n\n\n\n<h2 class=\"wp-block-heading\">Purer Genuss im steirischen Ennstal<\/h2>\n\n\n\n<p>Vielleicht habt ihr \u00fcber die Sch\u00f6nwetterh\u00fctte auf meinem Blog schon gelesen, und zwar im Blogpost <a href=\"http:\/\/www.wanderhunger.at\/reisen\/yoga-auf-der-alm\/\">Yoga auf der Alm<\/a>. Weil es aber so toll war dort, und weil die H\u00fctte und die Wanderung einfach genial sind, m\u00f6chte ich beidem einen eigenen Bericht widmen.<\/p>\n\n\n\n<h3 class=\"wp-block-heading\">Anreise<\/h3>\n\n\n\n<div class=\"wp-block-columns is-layout-flex wp-container-core-columns-is-layout-9d6595d7 wp-block-columns-is-layout-flex\">\n<div class=\"wp-block-column is-layout-flow wp-block-column-is-layout-flow\">\n<figure class=\"wp-block-image size-large is-resized\"><img loading=\"lazy\" decoding=\"async\" width=\"422\" height=\"750\" src=\"https:\/\/www.wanderhunger.at\/wp-content\/uploads\/2018\/08\/IMG_20180803_141857-01-Kopie-422x750.jpg\" alt=\"Wegweiser zur Sch\u00f6nwetterh\u00fctte und aufs Gumpeneck. Wanderhunger\" class=\"wp-image-1550\" style=\"width:338px;height:auto\" srcset=\"https:\/\/www.wanderhunger.at\/wp-content\/uploads\/2018\/08\/IMG_20180803_141857-01-Kopie.jpg 422w, https:\/\/www.wanderhunger.at\/wp-content\/uploads\/2018\/08\/IMG_20180803_141857-01-Kopie-169x300.jpg 169w\" sizes=\"auto, (max-width: 422px) 100vw, 422px\" \/><\/figure>\n<\/div>\n\n\n\n<div class=\"wp-block-column is-layout-flow wp-block-column-is-layout-flow\">\n<p>Mit einem Navigationssystem ist die Sch\u00f6nwetterh\u00fctte ganz einfach zu finden. Die Adresse &#8222;Gro\u00dfs\u00f6lk 85&#8220; eingeben und den Anweisungen folgen. Gro\u00dfs\u00f6lk ist eine Bergstra\u00dfe, \u00fcber einige Serpentinen geht es steil den Berg hinauf. Ganz bis ans vom Navi vorgegebene Ziel f\u00e4hrt man aber nicht und parkt das Auto auf einem eindeutig ausgeschilderten Parkplatz. Von hier aus d\u00fcrfen nur noch die H\u00fcttenbesitzer weiterfahren, f\u00fcr uns Besucher gilt: Rucksack anschnallen und los geht&#8217;s.<br>Die Gehzeit, die hier vom Alpenverein angegeben wurde, ist sehr gro\u00dfz\u00fcgig berechnet. Flotten Schrittes ist man eine dreiviertel Stunde unterwegs, der Weg ist gut ausgeschildert und nicht zu verfehlen.<\/p>\n<\/div>\n<\/div>\n\n\n\n<h3 class=\"wp-block-heading\">Ankunft bei der Sch\u00f6nwetterh\u00fctte<\/h3>\n\n\n\n<p>Auch wenn die Strecke recht einfach zu gehen ist, ein bisschen schnaufen muss man trotzdem. Umso sch\u00f6ner ist es, auf der Terrasse bei herrlicher Aussicht auf den Dachstein gleich mal alle Viere von sich zu strecken. Die Begr\u00fc\u00dfung ist fast \u00fcberraschend herzlich. Bei&nbsp; den H\u00fcttenbesitzern Heidi und Manfred Brugger und ihrer Familie f\u00fchlt man sich sofort wie daheim.<\/p>\n\n\n\n<figure class=\"wp-block-gallery has-nested-images columns-default is-cropped wp-block-gallery-1 is-layout-flex wp-block-gallery-is-layout-flex\">\n<figure class=\"wp-block-image size-large\"><img loading=\"lazy\" decoding=\"async\" width=\"750\" height=\"422\" data-id=\"1551\" src=\"https:\/\/www.wanderhunger.at\/wp-content\/uploads\/2018\/08\/IMG_20180803_171613-01-Kopie-750x422.jpg\" alt=\"Ausschnitt von der Front der Sch\u00f6nwetterh\u00fctte und vom Fenster. Wanderhunger\" class=\"wp-image-1551\" srcset=\"https:\/\/www.wanderhunger.at\/wp-content\/uploads\/2018\/08\/IMG_20180803_171613-01-Kopie.jpg 750w, https:\/\/www.wanderhunger.at\/wp-content\/uploads\/2018\/08\/IMG_20180803_171613-01-Kopie-300x169.jpg 300w\" sizes=\"auto, (max-width: 750px) 100vw, 750px\" \/><\/figure>\n\n\n\n<figure class=\"wp-block-image size-large\"><img loading=\"lazy\" decoding=\"async\" width=\"750\" height=\"422\" data-id=\"1552\" src=\"https:\/\/www.wanderhunger.at\/wp-content\/uploads\/2018\/08\/IMG_20180803_171722-01-Kopie-750x422.jpg\" alt=\"H\u00fcbsche dekorierte Wand der Sch\u00f6nwetterh\u00fctte. Wanderhunger\" class=\"wp-image-1552\" srcset=\"https:\/\/www.wanderhunger.at\/wp-content\/uploads\/2018\/08\/IMG_20180803_171722-01-Kopie.jpg 750w, https:\/\/www.wanderhunger.at\/wp-content\/uploads\/2018\/08\/IMG_20180803_171722-01-Kopie-300x169.jpg 300w\" sizes=\"auto, (max-width: 750px) 100vw, 750px\" \/><\/figure>\n\n\n\n<figure class=\"wp-block-image size-large\"><img loading=\"lazy\" decoding=\"async\" width=\"750\" height=\"422\" data-id=\"1553\" src=\"https:\/\/www.wanderhunger.at\/wp-content\/uploads\/2018\/08\/IMG_20180803_171447-01-Kopie-750x422.jpg\" alt=\"Der h\u00fcbsche Herzerl-Zaun vor der Sch\u00f6nwetterh\u00fctte, dahinter die Almen. Wanderhunger\" class=\"wp-image-1553\" srcset=\"https:\/\/www.wanderhunger.at\/wp-content\/uploads\/2018\/08\/IMG_20180803_171447-01-Kopie.jpg 750w, https:\/\/www.wanderhunger.at\/wp-content\/uploads\/2018\/08\/IMG_20180803_171447-01-Kopie-300x169.jpg 300w\" sizes=\"auto, (max-width: 750px) 100vw, 750px\" \/><\/figure>\n\n\n\n<figure class=\"wp-block-image size-large\"><img loading=\"lazy\" decoding=\"async\" width=\"750\" height=\"422\" data-id=\"1554\" src=\"https:\/\/www.wanderhunger.at\/wp-content\/uploads\/2018\/08\/IMG_20180803_203325-01-Kopie-750x422.jpg\" alt=\"Gem\u00fctlicher Tisch vor der h\u00fcbsch dekorierten Vorderseite der Sch\u00f6nwetterh\u00fctte. Wanderhunger\" class=\"wp-image-1554\" srcset=\"https:\/\/www.wanderhunger.at\/wp-content\/uploads\/2018\/08\/IMG_20180803_203325-01-Kopie.jpg 750w, https:\/\/www.wanderhunger.at\/wp-content\/uploads\/2018\/08\/IMG_20180803_203325-01-Kopie-300x169.jpg 300w\" sizes=\"auto, (max-width: 750px) 100vw, 750px\" \/><\/figure>\n<\/figure>\n\n\n\n<ul class=\"wp-block-list wp-block-gallery columns-3 is-cropped\">\n<li><\/li>\n<\/ul>\n\n\n\n<p><strong>\u00dcbernachten? Auf jeden Fall!<\/strong><\/p>\n\n\n\n<p>Eines ist sicher &#8211; die Sch\u00f6nwetterh\u00fctte nur auf dem Weg zum Gumpeneck zu besuchen ist fast ein bisschen zu wenig. Eine \u00dcbernachtung einzuplanen zahlt sich mehr als aus. So kommt man nicht nur in den Genuss des traumhaften Abendrots bei Sonnenuntergang, sondern kann hier auch einfach mehr entspannte Zeit verbringen.<br>Das Essen ist ausgezeichnet. Wenn ich an das butterzarte Lamm und den saftigen Schweinsbraten denke, l\u00e4uft mir schon wieder das Wasser im Munde zusammen. Das Fleisch, der Speck und der Schinken kommen \u00fcbrigens aus eigener Produktion, denn in der Familie ist ein Handwerks-Metzger. Auch der Steirerkas sollte unbedingt in Form von Kasnocken, Kaspresskn\u00f6del oder Steirerkrapfen probiert werden, schlie\u00dflich ist er die typische Spezialit\u00e4t der Gegend.<\/p>\n\n\n<ul class=\"wp-block-gallery columns-2 is-cropped\">\n<li class=\"blocks-gallery-item\">\n<figure><img decoding=\"async\" src=\"http:\/\/www.wanderhunger.at\/wp-content\/uploads\/2018\/08\/IMG_20180803_200734-01-Kopie.jpg\" alt=\"\" data-id=\"1556\" data-link=\"http:\/\/www.wanderhunger.at\/?attachment_id=1556\" \/><\/figure>\n<\/li>\n<li class=\"blocks-gallery-item\">\n<figure><img decoding=\"async\" src=\"http:\/\/www.wanderhunger.at\/wp-content\/uploads\/2018\/08\/IMG_20180803_201030-01-Kopie.jpg\" alt=\"\" data-id=\"1557\" data-link=\"http:\/\/www.wanderhunger.at\/?attachment_id=1557\" \/><\/figure>\n<\/li>\n<\/ul>\n\n\n<p>Zimmer hat die Sch\u00f6nwetterh\u00fctte \u00fcbrigens keine, daf\u00fcr ein h\u00fcbsches kleines Lager, das bis zu 16 Personen Platz bietet. Wer nicht zu den Gl\u00fccklichen geh\u00f6rt, die \u00fcberall schlafen k\u00f6nnen, sollte sich also unbedingt Ohropax mitnehmen. Ich konnte leider gar nicht gut schlafen, das lag aber nicht an den Betten, denn gut schlafen ist leider generell nicht so meins, egal wo. <br>Jeder schlechte Schlaf ist aber sofort vergessen, wenn man in aller Fr\u00fche vor die H\u00fctte tritt, die k\u00fchle frische Bergluft einatmet und zum Klang der Kuhglocken wieder das sch\u00f6ne Dachsteinpanorama genie\u00dft.<\/p>\n\n\n\n<blockquote class=\"wp-block-quote is-layout-flow wp-block-quote-is-layout-flow\">\n<p><em>Die gr\u00f6\u00dfte Sehensw\u00fcrdigkeit, die es gibt, ist die Welt. Sieh sie dir an.<\/em><\/p>\n<\/blockquote>\n\n\n\n<blockquote class=\"wp-block-quote is-layout-flow wp-block-quote-is-layout-flow\">\n<p><\/p>\n<cite>Kurt Tucholsky<\/cite><\/blockquote>\n\n\n\n<figure class=\"wp-block-image\"><img loading=\"lazy\" decoding=\"async\" width=\"750\" height=\"422\" src=\"http:\/\/www.wanderhunger.at\/wp-content\/uploads\/2018\/08\/IMG_20180804_090653-01-Kopie.jpg\" alt=\"\" class=\"wp-image-1555\" srcset=\"https:\/\/www.wanderhunger.at\/wp-content\/uploads\/2018\/08\/IMG_20180804_090653-01-Kopie.jpg 750w, https:\/\/www.wanderhunger.at\/wp-content\/uploads\/2018\/08\/IMG_20180804_090653-01-Kopie-300x169.jpg 300w\" sizes=\"auto, (max-width: 750px) 100vw, 750px\" \/><figcaption class=\"wp-element-caption\"><em>In der gem\u00fctlichen Stube l\u00e4sst sich das Fr\u00fchst\u00fcck genie\u00dfen.<\/em><\/figcaption><\/figure>\n\n\n\n<h2 class=\"wp-block-heading\">Wanderung auf das Gumpeneck<\/h2>\n\n\n\n<blockquote class=\"wp-block-quote is-layout-flow wp-block-quote-is-layout-flow\">\n<p><\/p>\n<\/blockquote>\n\n\n\n<figure class=\"wp-block-image\"><img loading=\"lazy\" decoding=\"async\" width=\"750\" height=\"422\" src=\"http:\/\/www.wanderhunger.at\/wp-content\/uploads\/2018\/08\/IMG_20180804_140122-01-Kopie.jpg\" alt=\"\" class=\"wp-image-1558\" srcset=\"https:\/\/www.wanderhunger.at\/wp-content\/uploads\/2018\/08\/IMG_20180804_140122-01-Kopie.jpg 750w, https:\/\/www.wanderhunger.at\/wp-content\/uploads\/2018\/08\/IMG_20180804_140122-01-Kopie-300x169.jpg 300w\" sizes=\"auto, (max-width: 750px) 100vw, 750px\" \/><\/figure>\n\n\n\n<p>Nun gehe ich ja nicht nur wandern, um mir das reichhaltige Abendessen zu verdienen, sondern weil ich es tats\u00e4chlich liebe. Schnaufen und schwitzen inklusive. Einen Berg von unten anzusehen mit der Frage im Hinterkopf &#8222;Warum tue ich mir das an?&#8220;, sich hinaufzuarbeiten und oben am Gipfelkreuz das Panorama zu bewundern und alle Anstrengung vergessen zu haben, geh\u00f6rt mit zum Sch\u00f6nsten \u00fcberhaupt.<\/p>\n\n\n\n<p><strong>Gumpeneck von der Sch\u00f6nwetterh\u00fctte<\/strong><br>Aufstieg: ca. 2 bis 2,5 Stunden<br>Abstieg: ca. 1,5 Stunden<br>H\u00f6henunterschied: 780 Meter<br>Profil: Almwege, Steige mit Stufen, steinige Steige. &#8222;Rote&#8220; Wanderung<\/p>\n\n\n\n<p>Direkt hinter der Sch\u00f6nwetterh\u00fctte beginnt der Anstieg, und es geht wirklich sofort richtig steil die Almflanke hinauf. In etwa 20 bis 25 Minuten erreicht man die Gumpenalm. Hier ist eine Wirtschaftsh\u00fctte, wo Wasser nachgef\u00fcllt werden kann &#8211; danach hei\u00dft es, mit dem Mitgebrachten auszukommen.<\/p>\n\n\n\n<figure class=\"wp-block-image\"><img loading=\"lazy\" decoding=\"async\" width=\"750\" height=\"422\" src=\"http:\/\/www.wanderhunger.at\/wp-content\/uploads\/2018\/08\/IMG_20180804_104807-01-Kopie.jpg\" alt=\"\" class=\"wp-image-1559\" srcset=\"https:\/\/www.wanderhunger.at\/wp-content\/uploads\/2018\/08\/IMG_20180804_104807-01-Kopie.jpg 750w, https:\/\/www.wanderhunger.at\/wp-content\/uploads\/2018\/08\/IMG_20180804_104807-01-Kopie-300x169.jpg 300w\" sizes=\"auto, (max-width: 750px) 100vw, 750px\" \/><figcaption class=\"wp-element-caption\"><em>Blick zur\u00fcck auf die Sch\u00f6nwetterh\u00fctte<\/em><\/figcaption><\/figure>\n\n\n\n<p>Nach einem kurzen, etwas gem\u00fctlicheren Teilst\u00fcck gleich wieder: steil und anstrengend \u00fcber Naturstufen hinauf. So anstrengend es ist, zumindest macht man so wirklich rasch H\u00f6he, auch wenn das vor mir aufragende Gumpeneck so aussieht, als w\u00e4re es v\u00f6llig unbezwingbar.<\/p>\n\n\n\n<figure class=\"wp-block-image\"><img loading=\"lazy\" decoding=\"async\" width=\"422\" height=\"750\" src=\"http:\/\/www.wanderhunger.at\/wp-content\/uploads\/2018\/08\/IMG_20180804_112423-01-Kopie.jpg\" alt=\"\" class=\"wp-image-1560\" srcset=\"https:\/\/www.wanderhunger.at\/wp-content\/uploads\/2018\/08\/IMG_20180804_112423-01-Kopie.jpg 422w, https:\/\/www.wanderhunger.at\/wp-content\/uploads\/2018\/08\/IMG_20180804_112423-01-Kopie-169x300.jpg 169w\" sizes=\"auto, (max-width: 422px) 100vw, 422px\" \/><\/figure>\n\n\n\n<p>Aber nun ist wirklich eine Zeitlang gem\u00fctliches Wandern angesagt. Bis zum Beginn der Bergflanke geht es in stetigem leichten Auf und Ab dahin. Links unter uns breitet sich die Gumpenalm aus, rechts f\u00e4llt der Berg steil ab und er\u00f6ffnet ein herrliches Panorama \u00fcber die T\u00e4ler und Berge der Obersteiermark.<\/p>\n\n\n\n<p>Vor mir liegt nun die Flanke des Gumpenecks. Z\u00e4hne zusammenbei\u00dfen ist angesagt, es wird nochmal steil und anstrengend, aber zumindest recht einfach zu gehen. Ganz ohne kurze Verschnaufpausen schaffe ich es nicht, meine Kondition ist leider mager. Dennoch: Der Gipfel ist bald erreicht. Ein 360\u00b0-Panorama und herrliche Luft sind die ultimative Belohnung f\u00fcr den&nbsp; Aufstieg.<\/p>\n\n\n<ul class=\"wp-block-gallery columns-3 is-cropped\">\n<li class=\"blocks-gallery-item\">\n<figure><img decoding=\"async\" src=\"http:\/\/www.wanderhunger.at\/wp-content\/uploads\/2018\/08\/IMG_20180804_115449-01-Kopie.jpg\" alt=\"\" data-id=\"1563\" data-link=\"http:\/\/www.wanderhunger.at\/?attachment_id=1563\" \/><\/figure>\n<\/li>\n<li class=\"blocks-gallery-item\">\n<figure><img decoding=\"async\" src=\"http:\/\/www.wanderhunger.at\/wp-content\/uploads\/2018\/08\/IMG_20180804_123652-01-Kopie.jpg\" alt=\"\" data-id=\"1561\" data-link=\"http:\/\/www.wanderhunger.at\/?attachment_id=1561\" \/><\/figure>\n<\/li>\n<li class=\"blocks-gallery-item\">\n<figure><img decoding=\"async\" src=\"http:\/\/www.wanderhunger.at\/wp-content\/uploads\/2018\/08\/IMG_20180804_124929-01-Kopie.jpg\" alt=\"\" data-id=\"1562\" data-link=\"http:\/\/www.wanderhunger.at\/?attachment_id=1562\" \/><\/figure>\n<\/li>\n<li class=\"blocks-gallery-item\">\n<figure><img decoding=\"async\" src=\"http:\/\/www.wanderhunger.at\/wp-content\/uploads\/2018\/08\/IMG_20180804_131812-01-Kopie.jpg\" alt=\"\" data-id=\"1564\" data-link=\"http:\/\/www.wanderhunger.at\/?attachment_id=1564\" \/><\/figure>\n<\/li>\n<\/ul>\n\n\n<p>Ob man jemals wirklich bereit sein kann, diesen wunderbaren Platz zu verlassen? Nun ja, irgendwann muss es wieder zur\u00fcckgehen. Nach dem gleichen Abstieg \u00fcber die Bergflanke wende ich mich nach rechts an der Abzweigung und nehme den Weg \u00fcber die Gumpenalm, der wirklich sehr gut zu gehen ist. Abw\u00e4rts marschieren brennt zwar ganz sch\u00f6n in den Oberschenkeln, aber daf\u00fcr sind wir auch bald wieder zur\u00fcck auf der Terrasse der Sch\u00f6nwetterh\u00fctte, wo die verdiente Belohnung in Form von Getr\u00e4nken und Speisen und einem hausgemachten Zirb&#8217;n wartet.<\/p>\n\n\n\n<h2 class=\"wp-block-heading\">Ein Extra-Ausflug, der es wert ist<\/h2>\n\n\n\n<p>In Sichtweite der Sch\u00f6nwetterh\u00fctte steht die H\u00fctte der Familie Zefferer, die ihr unbedingt besucht m\u00fcsst. Nicht nur bietet sie einen noch sch\u00f6neren Ausblick von ihrer kleinen Terrasse, auf der G\u00e4ste bewirtet werden, sondern dort werden K\u00f6stlichkeiten aus Almmilch jeden Tag frisch hergestellt. Die H\u00fcttenwirtin produziert aus der in der Fr\u00fch gemolkenen Milch erfrischende Buttermilch, sahnige Bauernbutter und vor allem den ber\u00fchmten Steiererkas. <br>Zugegeben, der ist nicht jedermanns Sache. Ich esse ihn sehr gern, aber schon fertig zubereitet. Nach Hause habe ich ihn mir nicht genommen, daf\u00fcr sch\u00e4tze ich den guten Geruch in meiner K\u00fcche zu sehr. Echte Fans bekommen hier aber das hausgemachte Original. Ansonsten macht man es sich einfach bei einem k\u00fchlen Getr\u00e4nk auf der kleinen Terrasse bequem und genie\u00dft den Berg, bevor es wieder nach Hause geht.<\/p>\n\n\n<ul class=\"wp-block-gallery columns-3 is-cropped\">\n<li class=\"blocks-gallery-item\">\n<figure><img decoding=\"async\" src=\"http:\/\/www.wanderhunger.at\/wp-content\/uploads\/2018\/08\/IMG_20180805_111349-01-Kopie.jpg\" alt=\"\" data-id=\"1567\" data-link=\"http:\/\/www.wanderhunger.at\/?attachment_id=1567\" \/><\/figure>\n<\/li>\n<li class=\"blocks-gallery-item\">\n<figure><img decoding=\"async\" src=\"http:\/\/www.wanderhunger.at\/wp-content\/uploads\/2018\/08\/IMG_20180805_111420-01-Kopie.jpg\" alt=\"\" data-id=\"1570\" data-link=\"http:\/\/www.wanderhunger.at\/?attachment_id=1570\" \/><\/figure>\n<\/li>\n<li class=\"blocks-gallery-item\">\n<figure><img decoding=\"async\" src=\"http:\/\/www.wanderhunger.at\/wp-content\/uploads\/2018\/08\/IMG_20180805_111529-01-Kopie.jpg\" alt=\"\" data-id=\"1568\" data-link=\"http:\/\/www.wanderhunger.at\/?attachment_id=1568\" \/><\/figure>\n<\/li>\n<li class=\"blocks-gallery-item\">\n<figure><img decoding=\"async\" src=\"http:\/\/www.wanderhunger.at\/wp-content\/uploads\/2018\/08\/IMG_20180805_111630-01-Kopie.jpg\" alt=\"\" data-id=\"1571\" data-link=\"http:\/\/www.wanderhunger.at\/?attachment_id=1571\" \/><\/figure>\n<\/li>\n<li class=\"blocks-gallery-item\">\n<figure><img decoding=\"async\" src=\"http:\/\/www.wanderhunger.at\/wp-content\/uploads\/2018\/08\/IMG_20180805_111814-01-Kopie.jpg\" alt=\"\" data-id=\"1569\" data-link=\"http:\/\/www.wanderhunger.at\/?attachment_id=1569\" \/><\/figure>\n<\/li>\n<\/ul>\n\n\n<p>\u00dcbrigens!<br>Auf der Sch\u00f6nwetterh\u00fctte und dar\u00fcber gibt es so gut wie <strong>keinen Telefon- oder Internetempfang<\/strong>. Frei nach dem Motto &#8222;We have no W-LAN. Talk to each other!&#8220;<\/p>\n","protected":false},"excerpt":{"rendered":"<p>WLAN? Fehlanzeige. Daf\u00fcr Dachsteinblick, Steirerkas und Zirb\u2019n: Auf der Sch\u00f6nwetterh\u00fctte z\u00e4hlt echtes Leben statt Empfang.<\/p>\n","protected":false},"author":3,"featured_media":1549,"comment_status":"open","ping_status":"open","sticky":false,"template":"","format":"standard","meta":{"wprm-recipe-roundup-name":"","wprm-recipe-roundup-description":"","iawp_total_views":0,"footnotes":""},"categories":[45],"tags":[37,179,83,70],"class_list":["post-1548","post","type-post","status-publish","format-standard","has-post-thumbnail","hentry","category-reisen","tag-bergwelt","tag-europa","tag-oesterreich","tag-sport-bewegung"],"_links":{"self":[{"href":"https:\/\/www.wanderhunger.at\/de\/wp-json\/wp\/v2\/posts\/1548","targetHints":{"allow":["GET"]}}],"collection":[{"href":"https:\/\/www.wanderhunger.at\/de\/wp-json\/wp\/v2\/posts"}],"about":[{"href":"https:\/\/www.wanderhunger.at\/de\/wp-json\/wp\/v2\/types\/post"}],"author":[{"embeddable":true,"href":"https:\/\/www.wanderhunger.at\/de\/wp-json\/wp\/v2\/users\/3"}],"replies":[{"embeddable":true,"href":"https:\/\/www.wanderhunger.at\/de\/wp-json\/wp\/v2\/comments?post=1548"}],"version-history":[{"count":10,"href":"https:\/\/www.wanderhunger.at\/de\/wp-json\/wp\/v2\/posts\/1548\/revisions"}],"predecessor-version":[{"id":2921,"href":"https:\/\/www.wanderhunger.at\/de\/wp-json\/wp\/v2\/posts\/1548\/revisions\/2921"}],"wp:featuredmedia":[{"embeddable":true,"href":"https:\/\/www.wanderhunger.at\/de\/wp-json\/wp\/v2\/media\/1549"}],"wp:attachment":[{"href":"https:\/\/www.wanderhunger.at\/de\/wp-json\/wp\/v2\/media?parent=1548"}],"wp:term":[{"taxonomy":"category","embeddable":true,"href":"https:\/\/www.wanderhunger.at\/de\/wp-json\/wp\/v2\/categories?post=1548"},{"taxonomy":"post_tag","embeddable":true,"href":"https:\/\/www.wanderhunger.at\/de\/wp-json\/wp\/v2\/tags?post=1548"}],"curies":[{"name":"wp","href":"https:\/\/api.w.org\/{rel}","templated":true}]}}