{"id":1345,"date":"2018-07-17T06:00:04","date_gmt":"2018-07-17T04:00:04","guid":{"rendered":"http:\/\/www.wanderhunger.at\/?p=1345"},"modified":"2025-08-20T11:34:55","modified_gmt":"2025-08-20T09:34:55","slug":"fuehrung-sandgrube-13","status":"publish","type":"post","link":"https:\/\/www.wanderhunger.at\/de\/reisen\/fuehrung-sandgrube-13\/","title":{"rendered":"Kellerf\u00fchrung in der Sandgrube 13"},"content":{"rendered":"\n<p>&#8222;Jetzt schl\u00e4gt&#8217;s Sandgrube 13!&#8220; Es gibt wohl keine \u00d6sterreicherin und keinen \u00d6sterreicher, die diesen Werbejingle nicht kennen. Als ich auf der Suche nach einer Kellerf\u00fchrung in Krems war, wo ich eine Nacht verbracht habe, bin ich nat\u00fcrlich gleich auf die Sandgrube 13 gesto\u00dfen und habe dort mit zwei Freunden das <a href=\"https:\/\/www.sandgrube13.at\/\"><span style=\"text-decoration: underline;\">Weinerlebnis<\/span><\/a> besucht &#8211; trotz des f\u00fcrchterlichen Werbejingles &#8211; und war wirklich total positiv \u00fcberrascht!<\/p>\n\n\n\n<h2 class=\"wp-block-heading\">Das Weinerlebnis in der Sandgrube 13<\/h2>\n\n\n\n<p>Die Sandgrube 13 ist kein herziges kleines Weingut, in dem der Winzer alles bis zur Flaschenabf\u00fcllung selbst macht. Ganz im Gegenteil: Die Winzer Krems sind der gr\u00f6\u00dfte Qualit\u00e4tsweinproduzent \u00d6sterreichs und \u00fcbernehmen Trauben von 962 Mitgliedern, aus denen in der Sandgrube 13 (das ist \u00fcbrigens die Adresse und gleichzeitig eine Weinlage) Wein produziert wird.<\/p>\n\n\n\n<h3 class=\"wp-block-heading\">Spaziergang in die Weinriede<\/h3>\n\n\n\n<p>Wir hatten Gl\u00fcck: Unsere F\u00fchrung umfasste nur 5 Personen und die nette Dame, die unser Guide war. Sie selbst ist eine der Winzerinnen, die Weintrauben f\u00fcr die Winzer Krems produzieren, aber selbst keinen eigenen Wein herstellen. So hatten wir eine wirklich kompetente Ansprechsperson.<\/p>\n\n\n\n<figure class=\"wp-block-image\"><img loading=\"lazy\" decoding=\"async\" width=\"750\" height=\"422\" src=\"http:\/\/www.wanderhunger.at\/wp-content\/uploads\/2018\/07\/IMG_20180713_134854-01-Kopie.jpg\" alt=\"Der renovierte Bauernhof, in dem die Winzer krem ihren Hauptsitz haben. Wanderhunger\" class=\"wp-image-1348\" srcset=\"https:\/\/www.wanderhunger.at\/wp-content\/uploads\/2018\/07\/IMG_20180713_134854-01-Kopie.jpg 750w, https:\/\/www.wanderhunger.at\/wp-content\/uploads\/2018\/07\/IMG_20180713_134854-01-Kopie-300x169.jpg 300w\" sizes=\"auto, (max-width: 750px) 100vw, 750px\" \/><\/figure>\n\n\n\n<p>Der erste Weg f\u00fchrte uns in den Weingarten, der direkt neben dem Produktionsgeb\u00e4ude liegt. Auf einem sehr sch\u00f6nen Holzsteg ging es zwischen einer Steinmauer und den Reben zu einer Terrasse vor dem ehemaligen W\u00e4chterh\u00e4uschen. Dort hat fr\u00fcher tats\u00e4chlich ein W\u00e4chter gelebt, der bis zur Traubenlese aufgepasst hat, dass keine Trauben gestohlen werden.<\/p>\n\n\n\n<figure class=\"wp-block-image\"><img loading=\"lazy\" decoding=\"async\" width=\"750\" height=\"422\" src=\"http:\/\/www.wanderhunger.at\/wp-content\/uploads\/2018\/07\/IMG_20180713_140649-01-Kopie.jpg\" alt=\"Auf der Terrasse vor dem W\u00e4chterh\u00e4uschen im Weingarten der Sandgrube 13. Verkostung von Gr\u00fcnem Veltliner. Wanderhunger\" class=\"wp-image-1350\" srcset=\"https:\/\/www.wanderhunger.at\/wp-content\/uploads\/2018\/07\/IMG_20180713_140649-01-Kopie.jpg 750w, https:\/\/www.wanderhunger.at\/wp-content\/uploads\/2018\/07\/IMG_20180713_140649-01-Kopie-300x169.jpg 300w\" sizes=\"auto, (max-width: 750px) 100vw, 750px\" \/><\/figure>\n\n\n\n<p>Bei einer ersten Weinverkostung eines Gr\u00fcnen Veltliners haben wir dort viel Wissenswertes \u00fcber den Weinanbau und die f\u00fcr die Wachau typischen Rebsorten erfahren.<\/p>\n\n\n\n<figure class=\"wp-block-image\"><img loading=\"lazy\" decoding=\"async\" width=\"750\" height=\"422\" src=\"http:\/\/www.wanderhunger.at\/wp-content\/uploads\/2018\/07\/IMG_20180713_141634-01-Kopie.jpg\" alt=\"Blick zum W\u00e4chterh\u00e4uschen zwischen einer Steinmauer und den Reben w\u00e4hrend der F\u00fchrung durch die Sandgrube 13. Wanderhunger\" class=\"wp-image-1352\" srcset=\"https:\/\/www.wanderhunger.at\/wp-content\/uploads\/2018\/07\/IMG_20180713_141634-01-Kopie.jpg 750w, https:\/\/www.wanderhunger.at\/wp-content\/uploads\/2018\/07\/IMG_20180713_141634-01-Kopie-300x169.jpg 300w\" sizes=\"auto, (max-width: 750px) 100vw, 750px\" \/><\/figure>\n\n\n\n<h3 class=\"wp-block-heading\">Ab in die Weinregion<\/h3>\n\n\n\n<p>Weiter ging es in den sch\u00f6nen, renovierten Bauernhof gleich neben dem Eingang. Wir betraten einen gro\u00dfz\u00fcgig angelegten Raum, und nach dem Einschalten des Lichts er\u00f6ffnete sich unter unseren F\u00fc\u00dfen eine riesige Luftaufnahme der gesamten Weinregion der Winzer Krems.<\/p>\n\n\n\n<figure class=\"wp-block-image\"><img loading=\"lazy\" decoding=\"async\" width=\"750\" height=\"422\" src=\"http:\/\/www.wanderhunger.at\/wp-content\/uploads\/2018\/07\/IMG_20180713_142216-01-Kopie.jpg\" alt=\"Im Raum Wein.Region er\u00f6ffnet sich unter den Besucherf\u00fc\u00dfen ein Luftbild der gesamten Weinregion. Wanderhunger\" class=\"wp-image-1353\" srcset=\"https:\/\/www.wanderhunger.at\/wp-content\/uploads\/2018\/07\/IMG_20180713_142216-01-Kopie.jpg 750w, https:\/\/www.wanderhunger.at\/wp-content\/uploads\/2018\/07\/IMG_20180713_142216-01-Kopie-300x169.jpg 300w\" sizes=\"auto, (max-width: 750px) 100vw, 750px\" \/><\/figure>\n\n\n\n<p>Unsere nette Tourf\u00fchrerin zeigte uns viele interessante Punkte. Auch ihre eigenen Weing\u00e4rten hat sie gleich gefunden. Wirklich sehr beeindruckend zu sehen, wie gro\u00df die Region ist, aus der die Winzer Krems ihre Trauben beziehen. Insgesamt sind es \u00fcbrigens knapp 1.000 Hektar Weinanbaufl\u00e4che.<\/p>\n\n\n\n<figure class=\"wp-block-image\"><img loading=\"lazy\" decoding=\"async\" width=\"750\" height=\"422\" src=\"http:\/\/www.wanderhunger.at\/wp-content\/uploads\/2018\/07\/IMG_20180713_142029-01-Kopie.jpg\" alt=\"Der Tourguide erl\u00e4utert viele interessante themen rund um den Weinanbau im Raum Wein-Region der Sandgrube 13 in krems.. Wanderhunger\" class=\"wp-image-1354\" srcset=\"https:\/\/www.wanderhunger.at\/wp-content\/uploads\/2018\/07\/IMG_20180713_142029-01-Kopie.jpg 750w, https:\/\/www.wanderhunger.at\/wp-content\/uploads\/2018\/07\/IMG_20180713_142029-01-Kopie-300x169.jpg 300w\" sizes=\"auto, (max-width: 750px) 100vw, 750px\" \/><\/figure>\n\n\n\n<p>Die tollen Schautafeln zeigen die verschiedenen Untergr\u00fcnde, auf denen die Trauben in der Region wachsen. Ich bin begeistert, wie liebevoll diese Tour gestaltet wurde.<\/p>\n\n\n\n<figure class=\"wp-block-image\"><img loading=\"lazy\" decoding=\"async\" width=\"422\" height=\"750\" src=\"http:\/\/www.wanderhunger.at\/wp-content\/uploads\/2018\/07\/IMG_20180713_142447-01-Kopie.jpg\" alt=\"An der Wand des Raums Wein-Region h\u00e4ngen Rahmen mit Erden, auf denen die Reben wachsen. Wanderhunger in der Sandgrube 13 der Winzer Krems.\" class=\"wp-image-1355\" srcset=\"https:\/\/www.wanderhunger.at\/wp-content\/uploads\/2018\/07\/IMG_20180713_142447-01-Kopie.jpg 422w, https:\/\/www.wanderhunger.at\/wp-content\/uploads\/2018\/07\/IMG_20180713_142447-01-Kopie-169x300.jpg 169w\" sizes=\"auto, (max-width: 422px) 100vw, 422px\" \/><\/figure>\n\n\n\n<h3 class=\"wp-block-heading\">Ab in&#8217;s Gew\u00f6lbe<\/h3>\n\n\n\n<p>Nun geht es richtig los. Wir kehren dem Wein.Region Raum den R\u00fccken und gehen hinunter in ein sehr altes Kellergew\u00f6lbe. Hier lagern die Rarit\u00e4ten der Winzer Krems bis zur\u00fcck in die 40-er Jahre! Eine sympathisch gestaltete Ton- und Lichtshow l\u00e4sst die Weinflaschen miteinander sprechen und erkl\u00e4rt den Besuchern so, was hier zu sehen und zu erleben ist.<\/p>\n\n\n\n<figure class=\"wp-block-image\"><img loading=\"lazy\" decoding=\"async\" width=\"750\" height=\"422\" src=\"http:\/\/www.wanderhunger.at\/wp-content\/uploads\/2018\/07\/IMG_20180713_142604-01-Kopie.jpg\" alt=\"\" class=\"wp-image-1356\" srcset=\"https:\/\/www.wanderhunger.at\/wp-content\/uploads\/2018\/07\/IMG_20180713_142604-01-Kopie.jpg 750w, https:\/\/www.wanderhunger.at\/wp-content\/uploads\/2018\/07\/IMG_20180713_142604-01-Kopie-300x169.jpg 300w\" sizes=\"auto, (max-width: 750px) 100vw, 750px\" \/><\/figure>\n\n\n\n<figure class=\"wp-block-image\"><img loading=\"lazy\" decoding=\"async\" width=\"750\" height=\"422\" src=\"http:\/\/www.wanderhunger.at\/wp-content\/uploads\/2018\/07\/IMG_20180713_142616-01-Kopie.jpg\" alt=\"\" class=\"wp-image-1357\" srcset=\"https:\/\/www.wanderhunger.at\/wp-content\/uploads\/2018\/07\/IMG_20180713_142616-01-Kopie.jpg 750w, https:\/\/www.wanderhunger.at\/wp-content\/uploads\/2018\/07\/IMG_20180713_142616-01-Kopie-300x169.jpg 300w\" sizes=\"auto, (max-width: 750px) 100vw, 750px\" \/><\/figure>\n\n\n\n<p>Dicke, gr\u00fcne Schimmelpolster bedecken die W\u00e4nde dieses alten Gew\u00f6lbekellers. \u00dcberall an der Wand findet man Kupferm\u00fcnzen, die bereits Gr\u00fcnspan angesetzt haben. Sie sollen Gl\u00fcck bringen. Nat\u00fcrlich haben wir auch gleich eine M\u00fcnze hinzugef\u00fcgt!<\/p>\n\n\n\n<figure class=\"wp-block-image\"><img loading=\"lazy\" decoding=\"async\" width=\"750\" height=\"422\" src=\"http:\/\/www.wanderhunger.at\/wp-content\/uploads\/2018\/07\/IMG_20180713_142733-01-Kopie.jpg\" alt=\"Dicke Schimmelpolster bedecken\" class=\"wp-image-1358\" srcset=\"https:\/\/www.wanderhunger.at\/wp-content\/uploads\/2018\/07\/IMG_20180713_142733-01-Kopie.jpg 750w, https:\/\/www.wanderhunger.at\/wp-content\/uploads\/2018\/07\/IMG_20180713_142733-01-Kopie-300x169.jpg 300w\" sizes=\"auto, (max-width: 750px) 100vw, 750px\" \/><\/figure>\n\n\n\n<h3 class=\"wp-block-heading\">Der beeindruckende Weinkeller<\/h3>\n\n\n\n<p>Ab durch das Gew\u00f6lbe in den Weinkeller. In einem riesigen, bis auf einen Verkostungstisch leeren Raum d\u00fcrfen wir unsere zweite Weinprobe verkosten: einen Zweigelt. Nicht so ganz meins, ein Rotweinfan werde ich wohl nie. Viel beeindruckender als der Zweigelt ist allerdings der Blick in den riesigen G\u00e4r- und Reifekeller mit den gewaltigen Stahltanks.<\/p>\n\n\n\n<figure class=\"wp-block-image\"><img loading=\"lazy\" decoding=\"async\" width=\"750\" height=\"422\" src=\"http:\/\/www.wanderhunger.at\/wp-content\/uploads\/2018\/07\/IMG_20180713_143520-01-Kopie.jpg\" alt=\"\" class=\"wp-image-1359\" srcset=\"https:\/\/www.wanderhunger.at\/wp-content\/uploads\/2018\/07\/IMG_20180713_143520-01-Kopie.jpg 750w, https:\/\/www.wanderhunger.at\/wp-content\/uploads\/2018\/07\/IMG_20180713_143520-01-Kopie-300x169.jpg 300w\" sizes=\"auto, (max-width: 750px) 100vw, 750px\" \/><\/figure>\n\n\n\n<figure class=\"wp-block-image\"><img loading=\"lazy\" decoding=\"async\" width=\"422\" height=\"750\" src=\"http:\/\/www.wanderhunger.at\/wp-content\/uploads\/2018\/07\/IMG_20180713_143537-01-Kopie.jpg\" alt=\"Blick in den gr\u00fcn beleuchteten G\u00e4r- und Reifekeller der Winzer Krems mit riesigen Stahltanks. Wanderhunger\" class=\"wp-image-1360\" srcset=\"https:\/\/www.wanderhunger.at\/wp-content\/uploads\/2018\/07\/IMG_20180713_143537-01-Kopie.jpg 422w, https:\/\/www.wanderhunger.at\/wp-content\/uploads\/2018\/07\/IMG_20180713_143537-01-Kopie-169x300.jpg 169w\" sizes=\"auto, (max-width: 422px) 100vw, 422px\" \/><\/figure>\n\n\n\n<h3 class=\"wp-block-heading\">Kinoerlebnis<\/h3>\n\n\n\n<p>Vom Weinkeller geht es weiter in&#8217;s Kino. Dieses gro\u00dfz\u00fcgige 3-D-Kino entf\u00fchrt uns in das Weinjahr vom Winter \u00fcber die Weinernte bis hin zur Reife der Weine. Auch die vielf\u00e4ltige Fauna der Region wird hier vorgestellt. F\u00fcr eine \u00dcberraschung sorgt, dass der dreidimensionale Film mit passenden Ger\u00fcchen untermalt wird.<\/p>\n\n\n\n<h3 class=\"wp-block-heading\">Zur\u00fcck an die Oberfl\u00e4che<\/h3>\n\n\n\n<p>Durch einen &#8222;Trockenverkostungsraum&#8220; geht es zur\u00fcck hinauf in&#8217;s Erdgescho\u00df vorbei an einigen Tischen, auf denen jeweils dargestellt ist, zu welchen Anl\u00e4ssen typischerweise Wein getrunken wird. Sehr nett gestaltet, aber wohl eher ein Erlebnis f\u00fcr Kinder als f\u00fcr uns Erwachsene. Wir freuen uns, dass wir, am Ende der F\u00fchrung angekommen, noch ein Glas spritzigen Riesling verkosten d\u00fcrfen. Dieser hat \u00fcbrigens den Weg in meinen K\u00fchlschrank gefunden, denn nat\u00fcrlich kann man sich im gro\u00dfen Verkaufsraum auch mit noch Weingen\u00fcssen aller Art eindecken.<\/p>\n\n\n\n<figure class=\"wp-block-image\"><img loading=\"lazy\" decoding=\"async\" width=\"750\" height=\"422\" src=\"http:\/\/www.wanderhunger.at\/wp-content\/uploads\/2018\/07\/IMG_20180713_150750-01-Kopie.jpg\" alt=\"Der Tourguide erkl\u00e4rt uns im Pr\u00e4sentationsraum, welche Weine von den Winzer Krems produziert werden. Wanderhunger\" class=\"wp-image-1361\" srcset=\"https:\/\/www.wanderhunger.at\/wp-content\/uploads\/2018\/07\/IMG_20180713_150750-01-Kopie.jpg 750w, https:\/\/www.wanderhunger.at\/wp-content\/uploads\/2018\/07\/IMG_20180713_150750-01-Kopie-300x169.jpg 300w\" sizes=\"auto, (max-width: 750px) 100vw, 750px\" \/><\/figure>\n\n\n\n<h3 class=\"wp-block-heading\">Mein Fazit der Sandgrube 13?<\/h3>\n\n\n\n<p>Wenn ihr ein Wochenende im h\u00fcbschen St\u00e4dtchen Krems an der Donau verbringt und euch f\u00fcr Wein interessiert, dann ist die Weinerlebnis F\u00fchrung in der Sandgrube 13 auf jeden Fall ein Must-Do. Ohne Kindererfahrung zu haben empfehle ich die Tour auch f\u00fcr Familien mit Kindern, da sie wirklich familienfreundlich gestaltet ist, ohne dabei f\u00fcr Erwachsene langweilig zu sein.<\/p>\n\n\n\n<p>Ein w\u00fcrdiger Abschluss war nach der F\u00fchrung \u00fcbrigens eine Portion flaumiger Marillenkn\u00f6del in der Kremser Altstadt. Wenn man schon das Gl\u00fcck hat, Krems w\u00e4hrend der Marillenernte zu besuchen, darf man sich das auf keinen Fall entgehen lassen!<\/p>\n\n\n\n<figure class=\"wp-block-image\"><img loading=\"lazy\" decoding=\"async\" width=\"750\" height=\"422\" src=\"http:\/\/www.wanderhunger.at\/wp-content\/uploads\/2018\/07\/IMG_20180713_163547-01-Kopie.jpg\" alt=\"Flaumige Marillenkn\u00f6del mit Butterbr\u00f6sel zur Marillenzeit in Krems an der Donau. Wanderhunger\" class=\"wp-image-1362\" srcset=\"https:\/\/www.wanderhunger.at\/wp-content\/uploads\/2018\/07\/IMG_20180713_163547-01-Kopie.jpg 750w, https:\/\/www.wanderhunger.at\/wp-content\/uploads\/2018\/07\/IMG_20180713_163547-01-Kopie-300x169.jpg 300w\" sizes=\"auto, (max-width: 750px) 100vw, 750px\" \/><\/figure>\n\n\n\n<p>&nbsp;<\/p>\n\n\n\n<p>&nbsp;<\/p>\n\n\n\n<p>&nbsp;<\/p>\n","protected":false},"excerpt":{"rendered":"<p>Von Reben bis Riesling: Entdeckt das Weinerlebnis Sandgrube 13 in Krems \u2013 spannend, genussvoll und \u00fcberraschend familienfreundlich.<\/p>\n","protected":false},"author":3,"featured_media":1347,"comment_status":"open","ping_status":"open","sticky":false,"template":"","format":"standard","meta":{"wprm-recipe-roundup-name":"","wprm-recipe-roundup-description":"","iawp_total_views":3,"footnotes":""},"categories":[45],"tags":[179,31,83,195,39],"class_list":["post-1345","post","type-post","status-publish","format-standard","has-post-thumbnail","hentry","category-reisen","tag-europa","tag-museum","tag-oesterreich","tag-reisebericht","tag-wochenendtrip"],"_links":{"self":[{"href":"https:\/\/www.wanderhunger.at\/de\/wp-json\/wp\/v2\/posts\/1345","targetHints":{"allow":["GET"]}}],"collection":[{"href":"https:\/\/www.wanderhunger.at\/de\/wp-json\/wp\/v2\/posts"}],"about":[{"href":"https:\/\/www.wanderhunger.at\/de\/wp-json\/wp\/v2\/types\/post"}],"author":[{"embeddable":true,"href":"https:\/\/www.wanderhunger.at\/de\/wp-json\/wp\/v2\/users\/3"}],"replies":[{"embeddable":true,"href":"https:\/\/www.wanderhunger.at\/de\/wp-json\/wp\/v2\/comments?post=1345"}],"version-history":[{"count":9,"href":"https:\/\/www.wanderhunger.at\/de\/wp-json\/wp\/v2\/posts\/1345\/revisions"}],"predecessor-version":[{"id":2927,"href":"https:\/\/www.wanderhunger.at\/de\/wp-json\/wp\/v2\/posts\/1345\/revisions\/2927"}],"wp:featuredmedia":[{"embeddable":true,"href":"https:\/\/www.wanderhunger.at\/de\/wp-json\/wp\/v2\/media\/1347"}],"wp:attachment":[{"href":"https:\/\/www.wanderhunger.at\/de\/wp-json\/wp\/v2\/media?parent=1345"}],"wp:term":[{"taxonomy":"category","embeddable":true,"href":"https:\/\/www.wanderhunger.at\/de\/wp-json\/wp\/v2\/categories?post=1345"},{"taxonomy":"post_tag","embeddable":true,"href":"https:\/\/www.wanderhunger.at\/de\/wp-json\/wp\/v2\/tags?post=1345"}],"curies":[{"name":"wp","href":"https:\/\/api.w.org\/{rel}","templated":true}]}}